{"id":1805,"date":"2020-03-07T09:00:51","date_gmt":"2020-03-07T08:00:51","guid":{"rendered":"https:\/\/www.tiendanimal.pt\/blog\/?p=1805"},"modified":"2024-04-16T17:10:56","modified_gmt":"2024-04-16T16:10:56","slug":"samoiedo","status":"publish","type":"post","link":"https:\/\/www.tiendanimal.pt\/blog\/samoiedo\/","title":{"rendered":"Samoiedo"},"content":{"rendered":"\n<p>Este c\u00e3o sempre acompanhou as tribos n\u00f3mades dos Samoiedos, de onde vem o seu nome. A sua origem remonta \u00e0 pr\u00e9-hist\u00f3ria, j\u00e1 que \u00e9 uma ra\u00e7a natural, n\u00e3o criada pelo homem mediante cruzamentos, e sim por sele\u00e7\u00e3o natural tendente \u00e0 sua conserva\u00e7\u00e3o e robustez. A sua exist\u00eancia n\u00f3mada desenvolveu-se na Sib\u00e9ria, onde acompanhava as tribos e colaborava no cuidado dos rebanhos de renas, puxava dos tren\u00f3s e participava na ca\u00e7a, inclusive se enfrentava aos ursos. Foi utilizado por Scott na sua segunda tentativa para chegar ao Polo Sul.<\/p>\n\n\n\n<p>Ao longo de s\u00e9culos de conviv\u00eancia com o homem, o samoiedo adquiriu uma domesticidade \u00fanica, que faz com que atualmente seja um animal de companhia. Tamb\u00e9m tem contribu\u00eddo para isto a sua magn\u00edfica pelagem, totalmente branca, com madeixas prateadas.<\/p>\n\n\n\n<p>\u00c9 forte, ativo, engra\u00e7ado e resistente aos climas muito frios. Tendem a trotar. A sua express\u00e3o \u00e9 muito atrativa, pois parece que est\u00e1 a sorrir quando abre a boca.<\/p>\n\n\n\n<h2 class=\"wp-block-heading\"><strong>Aspeto geral do samoiedo<\/strong><\/h2>\n\n\n\n<ul class=\"wp-block-list\"><li><strong>Cabe\u00e7a<\/strong> potente, em forma de cunha, com stop pronunciado. Focinho de longitude m\u00e9dia. Nariz preto ou castanho escuro. L\u00e1bios pretos ou castanhos. Olhos pretos, obl\u00edquos, profundos, muito separados, de p\u00e1lpebras muito pigmentadas. Orelhas grossas, triangulares, ligeiramente arredondadas em ponta, bem separadas e cobertas de pelo por dentro e por fora.<\/li><li><strong>Corpo <\/strong>robusto, de longitude m\u00e9dia. Pesco\u00e7o forte. Dorso largo e musculoso. Lombos retos, muito fortes. Garupa desenvolvida, peito amplo e profundo, atingindo os cotovelos.<\/li><li><strong>Extremidades <\/strong>de ossos s\u00f3lidos e bem musculosas. P\u00e9s grandes e um pouco planos, alongados, com dedos ligeiramente separados e arqueados, cobertos de pelo.<\/li><li><strong>Cauda<\/strong> espessa e longa, chega at\u00e9 os jarretes em repouso e \u00e9 levada sobre o dorso n\u00e3o muito grudada ao corpo quando est\u00e1 em a\u00e7\u00e3o.<\/li><li><strong>Manto.<\/strong> Pelagem branca pura, branca e creme ou totalmente creme. Pelo reto e \u00e1spero, n\u00e3o deitado sobre a pele, de longitude m\u00e9dia; curto e denso na cabe\u00e7a e nas patas. Franjas na parte posterior das extremidades anteriores e coxas. Colar abundante. Tem, al\u00e9m do mais, pelo denso, fino, suave e curto.<\/li><li><strong>Tamanho <\/strong>vari\u00e1vel, o padr\u00e3o oficial \u00e9 de mais de 52 cm para os machos e mais de 45 cm para as f\u00eameas. H\u00e1 diferen\u00e7as entre este e o padr\u00e3o europeu e o americano.<\/li><li><strong>Defeitos:<\/strong> olhos azuis. Dorso comprido. Patas curtas. Jarretes desviados, joelhos retos. Outras cores de pelagem. Pelo encaracolado. Admitem-se na Europa variedades pretas, cor tipo lobo, le\u00e3o e alaranjado.<\/li><li><strong>Problemas de sa\u00fade:<\/strong> n\u00e3o h\u00e1 doen\u00e7as t\u00edpicas da ra\u00e7a.<\/li><\/ul>\n\n\n\n<h3 class=\"wp-block-heading\"><strong>SOBRE O AUTOR<\/strong><\/h3>\n\n\n\n<h4 class=\"wp-block-heading\"><strong>Miriam Zazo<\/strong><\/h4>\n\n\n\n<p>Ajudante T\u00e9cnico Veterin\u00e1rio especializada em etologia canina. Tiendanimal me permite trabalhar no que mais me apaixona: o mundo animal. Consigo conciliar o meu trabalho com voluntariados em protetoras, santu\u00e1rios, reservas e qualquer evento ou atividade relacionada. Tenho participado de diversos semin\u00e1rios e cursos relacionados com a educa\u00e7\u00e3o canina, as aves, a primatologia e muito mais. Desfruto a aprender cada dia mais destes incr\u00edveis companheiros com os que temos a sorte de conviver.<br><\/p>\n","protected":false},"excerpt":{"rendered":"<p>Este c\u00e3o sempre acompanhou as tribos n\u00f3mades dos Samoiedos, de onde vem o seu nome. A sua origem remonta \u00e0 pr\u00e9-hist\u00f3ria, j\u00e1 que \u00e9 uma &#8230; <a title=\"Samoiedo\" class=\"read-more\" href=\"https:\/\/www.tiendanimal.pt\/blog\/samoiedo\/\">Ler mais<\/a><\/p>\n","protected":false},"author":40,"featured_media":1806,"comment_status":"open","ping_status":"closed","sticky":false,"template":"","format":"standard","meta":{"_acf_changed":false,"_uag_custom_page_level_css":"","site-sidebar-layout":"default","site-content-layout":"","ast-site-content-layout":"default","site-content-style":"default","site-sidebar-style":"default","ast-global-header-display":"","ast-banner-title-visibility":"","ast-main-header-display":"","ast-hfb-above-header-display":"","ast-hfb-below-header-display":"","ast-hfb-mobile-header-display":"","site-post-title":"","ast-breadcrumbs-content":"","ast-featured-img":"","footer-sml-layout":"","theme-transparent-header-meta":"","adv-header-id-meta":"","stick-header-meta":"","header-above-stick-meta":"","header-main-stick-meta":"","header-below-stick-meta":"","astra-migrate-meta-layouts":"default","ast-page-background-enabled":"default","ast-page-background-meta":{"desktop":{"background-color":"var(--ast-global-color-5)","background-image":"","background-repeat":"repeat","background-position":"center center","background-size":"auto","background-attachment":"scroll","background-type":"","background-media":"","overlay-type":"","overlay-color":"","overlay-opacity":"","overlay-gradient":""},"tablet":{"background-color":"","background-image":"","background-repeat":"repeat","background-position":"center center","background-size":"auto","background-attachment":"scroll","background-type":"","background-media":"","overlay-type":"","overlay-color":"","overlay-opacity":"","overlay-gradient":""},"mobile":{"background-color":"","background-image":"","background-repeat":"repeat","background-position":"center center","background-size":"auto","background-attachment":"scroll","background-type":"","background-media":"","overlay-type":"","overlay-color":"","overlay-opacity":"","overlay-gradient":""}},"ast-content-background-meta":{"desktop":{"background-color":"var(--ast-global-color-4)","background-image":"","background-repeat":"repeat","background-position":"center center","background-size":"auto","background-attachment":"scroll","background-type":"","background-media":"","overlay-type":"","overlay-color":"","overlay-opacity":"","overlay-gradient":""},"tablet":{"background-color":"var(--ast-global-color-4)","background-image":"","background-repeat":"repeat","background-position":"center center","background-size":"auto","background-attachment":"scroll","background-type":"","background-media":"","overlay-type":"","overlay-color":"","overlay-opacity":"","overlay-gradient":""},"mobile":{"background-color":"var(--ast-global-color-4)","background-image":"","background-repeat":"repeat","background-position":"center center","background-size":"auto","background-attachment":"scroll","background-type":"","background-media":"","overlay-type":"","overlay-color":"","overlay-opacity":"","overlay-gradient":""}},"footnotes":""},"categories":[3,8],"tags":[],"class_list":["post-1805","post","type-post","status-publish","format-standard","has-post-thumbnail","hentry","category-caes","category-curiosidades-caes","generate-columns","tablet-grid-50","mobile-grid-100","grid-parent","grid-33"],"acf":[],"uagb_featured_image_src":{"full":["https:\/\/www.tiendanimal.pt\/blog\/wp-content\/uploads\/2020\/01\/Samoyedo-668x445.jpg",668,445,false],"thumbnail":["https:\/\/www.tiendanimal.pt\/blog\/wp-content\/uploads\/2020\/01\/Samoyedo-668x445-150x150.jpg",150,150,true],"medium":["https:\/\/www.tiendanimal.pt\/blog\/wp-content\/uploads\/2020\/01\/Samoyedo-668x445-300x200.jpg",300,200,true],"medium_large":["https:\/\/www.tiendanimal.pt\/blog\/wp-content\/uploads\/2020\/01\/Samoyedo-668x445.jpg",668,445,false],"large":["https:\/\/www.tiendanimal.pt\/blog\/wp-content\/uploads\/2020\/01\/Samoyedo-668x445.jpg",668,445,false],"1536x1536":["https:\/\/www.tiendanimal.pt\/blog\/wp-content\/uploads\/2020\/01\/Samoyedo-668x445.jpg",668,445,false],"2048x2048":["https:\/\/www.tiendanimal.pt\/blog\/wp-content\/uploads\/2020\/01\/Samoyedo-668x445.jpg",668,445,false]},"uagb_author_info":{"display_name":"Tiendanimal","author_link":"https:\/\/www.tiendanimal.pt\/blog\/author\/lucia\/"},"uagb_comment_info":0,"uagb_excerpt":"Este c\u00e3o sempre acompanhou as tribos n\u00f3mades dos Samoiedos, de onde vem o seu nome. A sua origem remonta \u00e0 pr\u00e9-hist\u00f3ria, j\u00e1 que \u00e9 uma ... Ler mais","_links":{"self":[{"href":"https:\/\/www.tiendanimal.pt\/blog\/wp-json\/wp\/v2\/posts\/1805","targetHints":{"allow":["GET"]}}],"collection":[{"href":"https:\/\/www.tiendanimal.pt\/blog\/wp-json\/wp\/v2\/posts"}],"about":[{"href":"https:\/\/www.tiendanimal.pt\/blog\/wp-json\/wp\/v2\/types\/post"}],"author":[{"embeddable":true,"href":"https:\/\/www.tiendanimal.pt\/blog\/wp-json\/wp\/v2\/users\/40"}],"replies":[{"embeddable":true,"href":"https:\/\/www.tiendanimal.pt\/blog\/wp-json\/wp\/v2\/comments?post=1805"}],"version-history":[{"count":1,"href":"https:\/\/www.tiendanimal.pt\/blog\/wp-json\/wp\/v2\/posts\/1805\/revisions"}],"predecessor-version":[{"id":1807,"href":"https:\/\/www.tiendanimal.pt\/blog\/wp-json\/wp\/v2\/posts\/1805\/revisions\/1807"}],"wp:featuredmedia":[{"embeddable":true,"href":"https:\/\/www.tiendanimal.pt\/blog\/wp-json\/wp\/v2\/media\/1806"}],"wp:attachment":[{"href":"https:\/\/www.tiendanimal.pt\/blog\/wp-json\/wp\/v2\/media?parent=1805"}],"wp:term":[{"taxonomy":"category","embeddable":true,"href":"https:\/\/www.tiendanimal.pt\/blog\/wp-json\/wp\/v2\/categories?post=1805"},{"taxonomy":"post_tag","embeddable":true,"href":"https:\/\/www.tiendanimal.pt\/blog\/wp-json\/wp\/v2\/tags?post=1805"}],"curies":[{"name":"wp","href":"https:\/\/api.w.org\/{rel}","templated":true}]}}