{"id":3242,"date":"2020-10-15T09:00:00","date_gmt":"2020-10-15T08:00:00","guid":{"rendered":"https:\/\/www.tiendanimal.pt\/blog\/?p=3242"},"modified":"2024-04-17T17:32:35","modified_gmt":"2024-04-17T16:32:35","slug":"spaniel-anao-continental","status":"publish","type":"post","link":"https:\/\/www.tiendanimal.pt\/blog\/spaniel-anao-continental\/","title":{"rendered":"Spaniel an\u00e3o continental"},"content":{"rendered":"\n<p>Acredita-se que estes c\u00e3es se originaram na Fran\u00e7a e nos Pa\u00edses Baixos no s\u00e9culo XVII. No in\u00edcio tinham um aspeto mais pesado e menos elegante que na atualidade. Contudo, o registo mais antigo data do s\u00e9culo II; foi encontrado em uma tumba romana em B\u00e9lgica uma terracota que representava um c\u00e3o similar na variedade de orelhas ca\u00eddas. Novamente podem ser vistos em pinturas do s\u00e9culo XIII e XIV e atingiram<strong> grande popularidade <\/strong>nas cortes de muitos pa\u00edses durante o s\u00e9culo XVI, neste caso na variedade de orelhas levantadas.<\/p>\n\n\n\n<p>Gra\u00e7as ao seu pequeno tamanho, esta ra\u00e7a estendeu-se pelo mundo todo ao acompanhar os seus donos nessa \u00e9poca; acredita-se que os espanh\u00f3is o levaram \u00e0 Am\u00e9rica e poderia ter participado nos cruzamentos para obter os chihuahuas.<\/p>\n\n\n\n<p>A ra\u00e7a Spaniel An\u00e3o Continental apresenta<strong> duas variedades<\/strong> que se diferenciam unicamente pela forma das suas orelhas: <strong>o Phal\u00e8ne de orelhas ca\u00eddas e o Papillon de orelhas erguidas.<\/strong> O primeiro est\u00e1 quase extinto, enquanto que o segundo tem uma grande popularidade e \u00e9 o que mais aparece nos quadros dos pintores como Rubens, Rembrandt e outros.<\/p>\n\n\n\n<p>T\u00eam um aspeto sedutor, viva intelig\u00eancia e car\u00e1ter brincalh\u00e3o e agrad\u00e1vel, o que faz com que seja um excelente c\u00e3o de companhia.<\/p>\n\n\n\n<h2 class=\"wp-block-heading\"><strong>Aspeto geral do Spaniel an\u00e3o continental<\/strong><\/h2>\n\n\n\n<p>C\u00e3o de tipo quadrado, estrutura normal e harmoniosa, vivaz e com andar elegante.<\/p>\n\n\n\n<ul class=\"wp-block-list\"><li><strong>Cabe\u00e7a<\/strong> pequena, mas proporcional ao corpo. Cr\u00e2nio ligeiramente arredondado entre as orelhas. Stop pronunciado. Focinho fino, mais curto que o cr\u00e2nio, de linha superior reta. Nariz pequeno, preto, arredondado. L\u00e1bios finos e apertados, muito pigmentados. Olhos baixos, grande, mas pouco proeminentes, amendoados e bem abertos. Orelhas de porte alto, erguidas no Papillon. O seu interior tem muitos pelos finos e ondulados; a parte exterior est\u00e1 coberta de pelos longos formando franjas penduradas que sobressaem amplamente da borda das orelhas.<\/li><li><strong>Corpo<\/strong> mais quadrado. Pesco\u00e7o de longitude m\u00e9dia, algo arqueado. Dorso bastante longo e direito. Peito largo, bastante descendido e ventre ligeiramente recolhido.<\/li><li><strong>Extremidades<\/strong> retas, finas, de ossos pequenos e paralelas. P\u00e9s apertados, finos, bem apoiados sobre a sola e com pelo fino que ultrapassa a borda do p\u00e9.<\/li><li><strong>Cauda <\/strong>de inser\u00e7\u00e3o bastante alta, mais longa, com franjas abundantes e pelo longos e ondulados que se afina na ponta. Em a\u00e7\u00e3o fica por cima do dorso, curvada, mas sem se enroscar por cima dele.<\/li><li><strong>P<\/strong><strong>elagem<\/strong> branca com manchas de todas as cores, exceto cor de f\u00edgado, unicolor castanho, rubi, vermelho mogno, laranja e amarelo escuro, ou tricolor, bicolor com manchas e pintas pretas. Sempre com l\u00e1bios, borda da p\u00e1lpebra e nariz bem pigmentados.<\/li><li><strong>Pelo<\/strong> abundante, fino sedoso, brilhante, ondulado, aplastado e um pouco resistente ao toque; curto no rosto, focinho, parte anterior das extremidades e debaixo do jarrete; mais longo no pesco\u00e7o formando colarinho, nas orelhas, parte posterior das extremidades formando ampla cal\u00e7a e um comprimento de aproximadamente 15 cm na cauda. N\u00e3o tem penugem.<\/li><li><strong>Tamanho<\/strong> 28 cm como m\u00e1ximo, s\u00e3o preferidos os menores. Peso vari\u00e1vel, m\u00ednimo de 1,5 kg e m\u00e1ximo de 5 kg.<\/li><\/ul>\n\n\n\n<p><strong>Defeitos:<\/strong> cr\u00e2nio aplastado, nariz n\u00e3o preto, focinho de dorso c\u00f4ncavo ou convexo, l\u00e1bios despigmentados. Prognatismo, l\u00edngua vis\u00edvel, olhos pequenos ou proeminentes, de cor clara, demasiado redondos. Extremidades ou p\u00e9s desviados, espor\u00e3o, cauda enroscada. Pelagem insuficiente ou sem consist\u00eancia. <\/p>\n\n\n\n  <style>\n  .product-container{\n    cursor:pointer;\n  }\n  a.producto-titulo{\n    font-size: 13px;line-height: 1.2;height: 62px;margin-bottom: 12px;color: #575757;font-weight:400;display:inline-block;overflow:hidden;font-family: \"Poppins\", sans-serif;\n  }\n  .producto .product-container img{\n    max-height: 126px;\n    width: auto;\n    height: auto;\n  }\n  @media (max-width: 480px){\n    a.producto-titulo{\n        font-size: 16px;\n        line-height: 1.3;\n    }\n  }\n  <\/style>\n  <div class=\"clearfix\"><\/div>\n    <div id=\"external-products-51612\" class=\"row external-products producto\" style=\"width:100%; margin:0 auto;\"><div itemprop=\"offers\" itemscope itemtype=\"http:\/\/schema.org\/Offer\" class=\"product-container\" style=\"width:19.4%;margin:0 auto;display:inline-block;\" onclick=\"dataLayer.push({'event':'crosseling_product_click', 'event_name':'crosseling_product_click', 'label':'body', 'link_url':'https:\/\/www.tiendanimal.pt\/1.5-kg-royal-canin-adult-mini-veterinary-neutered-racao-para-caes\/ROY431526.html', 'category':'Ra\u00e7\u00e3o para c\u00e3es', 'product_name':'1.5 kg Royal Canin Adult Mini Veterinary Neutered ra\u00e7\u00e3o para c\u00e3es'});window.open('https:\/\/www.tiendanimal.pt\/1.5-kg-royal-canin-adult-mini-veterinary-neutered-racao-para-caes\/ROY431526.html');\">\n      <img decoding=\"async\" src=\"https:\/\/www.tiendanimal.pt\/on\/demandware.static\/-\/Sites-kiwoko-master-catalog\/default\/dw193a05b5\/images\/pienso_perros_royal_canin_veterinary_diet_adult_mini_ROY431520_M.jpg\" alt=\"1.5 kg Royal Canin Adult Mini Veterinary Neutered ra\u00e7\u00e3o para c\u00e3es\" width=\"90%\" \/><a href=\"https:\/\/www.tiendanimal.pt\/1.5-kg-royal-canin-adult-mini-veterinary-neutered-racao-para-caes\/ROY431526.html\" itemprop=\"name\" class=\"producto-titulo\" data-test=\"test\" target=\"_blank\">1.5 kg Royal Canin Adult Mini Veterinary Neutered ra\u00e7\u00e3o para c\u00e3es<\/a>\n      <button class=\"producto-boton\" style=\"width:100%;border-radius:3px;padding:5px;\">Ver produto<\/button><\/div>\n      <div itemprop=\"offers\" itemscope itemtype=\"http:\/\/schema.org\/Offer\" class=\"product-container\" style=\"width:19.4%;margin:0 auto;display:inline-block;\" onclick=\"dataLayer.push({'event':'crosseling_product_click', 'event_name':'crosseling_product_click', 'label':'body', 'link_url':'https:\/\/www.tiendanimal.pt\/psittacus-mini-racao-para-passaros-pequenos\/PSIPI1120.html', 'category':'Comida', 'product_name':'Psittacus Mini ra\u00e7\u00e3o para p\u00e1ssaros pequenos'});window.open('https:\/\/www.tiendanimal.pt\/psittacus-mini-racao-para-passaros-pequenos\/PSIPI1120.html');\">\n      <img decoding=\"async\" src=\"https:\/\/www.tiendanimal.pt\/on\/demandware.static\/-\/Sites-kiwoko-master-catalog\/default\/dw64f74f9d\/images\/pienso_pajaros_psittacus_mini_peque\u00f1os_PSIPI1120.jpg\" alt=\"Psittacus Mini ra\u00e7\u00e3o para p\u00e1ssaros pequenos\" width=\"90%\" \/><a href=\"https:\/\/www.tiendanimal.pt\/psittacus-mini-racao-para-passaros-pequenos\/PSIPI1120.html\" itemprop=\"name\" class=\"producto-titulo\" data-test=\"test\" target=\"_blank\">Psittacus Mini ra\u00e7\u00e3o para p\u00e1ssaros pequenos<\/a>\n      <button class=\"producto-boton\" style=\"width:100%;border-radius:3px;padding:5px;\">Ver produto<\/button><\/div>\n      <div itemprop=\"offers\" itemscope itemtype=\"http:\/\/schema.org\/Offer\" class=\"product-container\" style=\"width:19.4%;margin:0 auto;display:inline-block;\" onclick=\"dataLayer.push({'event':'crosseling_product_click', 'event_name':'crosseling_product_click', 'label':'body', 'link_url':'https:\/\/www.tiendanimal.pt\/3-kg-hills-prescription-diet-j%2Fd-metabolic-mobility-mini-adult-racao-para-caes\/HIL606179.html', 'category':'Ra\u00e7\u00e3o veterin\u00e1ria', 'product_name':'3 kg Hill's Prescription Diet j\/d Metabolic + Mobility mini Adult ra\u00e7\u00e3o para c\u00e3es'});window.open('https:\/\/www.tiendanimal.pt\/3-kg-hills-prescription-diet-j%2Fd-metabolic-mobility-mini-adult-racao-para-caes\/HIL606179.html');\">\n      <img decoding=\"async\" src=\"https:\/\/www.tiendanimal.pt\/on\/demandware.static\/-\/Sites-kiwoko-master-catalog\/default\/dwea3824f3\/images\/hills_vet_mini_mobility_HIL606259.jpg\" alt=\"3 kg Hill's Prescription Diet j\/d Metabolic + Mobility mini Adult ra\u00e7\u00e3o para c\u00e3es\" width=\"90%\" \/><a href=\"https:\/\/www.tiendanimal.pt\/3-kg-hills-prescription-diet-j%2Fd-metabolic-mobility-mini-adult-racao-para-caes\/HIL606179.html\" itemprop=\"name\" class=\"producto-titulo\" data-test=\"test\" target=\"_blank\">3 kg Hill's Prescription Diet j\/d Metabolic + Mobility mini Adult ra\u00e7\u00e3o para c\u00e3es<\/a>\n      <button class=\"producto-boton\" style=\"width:100%;border-radius:3px;padding:5px;\">Ver produto<\/button><\/div>\n      <div itemprop=\"offers\" itemscope itemtype=\"http:\/\/schema.org\/Offer\" class=\"product-container\" style=\"width:19.4%;margin:0 auto;display:inline-block;\" onclick=\"dataLayer.push({'event':'crosseling_product_click', 'event_name':'crosseling_product_click', 'label':'body', 'link_url':'https:\/\/www.tiendanimal.pt\/royal-canin-mini-digestive-care-racao-para-caes-\/ROY2447001.html', 'category':'Ra\u00e7\u00e3o Gastrointestinal', 'product_name':'Royal Canin Mini Digestive Care ra\u00e7\u00e3o para c\u00e3es'});window.open('https:\/\/www.tiendanimal.pt\/royal-canin-mini-digestive-care-racao-para-caes-\/ROY2447001.html');\">\n      <img decoding=\"async\" src=\"https:\/\/www.tiendanimal.pt\/on\/demandware.static\/-\/Sites-kiwoko-master-catalog\/default\/dw55702640\/images\/pienso_perro_royal_canin_digestive_care_ROY2447601.jpg\" alt=\"Royal Canin Mini Digestive Care ra\u00e7\u00e3o para c\u00e3es\" width=\"90%\" \/><a href=\"https:\/\/www.tiendanimal.pt\/royal-canin-mini-digestive-care-racao-para-caes-\/ROY2447001.html\" itemprop=\"name\" class=\"producto-titulo\" data-test=\"test\" target=\"_blank\">Royal Canin Mini Digestive Care ra\u00e7\u00e3o para c\u00e3es<\/a>\n      <button class=\"producto-boton\" style=\"width:100%;border-radius:3px;padding:5px;\">Ver produto<\/button><\/div>\n      <div itemprop=\"offers\" itemscope itemtype=\"http:\/\/schema.org\/Offer\" class=\"product-container\" style=\"width:19.4%;margin:0 auto;display:inline-block;\" onclick=\"dataLayer.push({'event':'crosseling_product_click', 'event_name':'crosseling_product_click', 'label':'body', 'link_url':'https:\/\/www.tiendanimal.pt\/3-kg-true-origins-pure-mini-adult-frango-racao-para-caes\/TRU70973.html', 'category':'Ra\u00e7\u00e3o para c\u00e3es', 'product_name':'3 kg True Origins Pure Mini Adult Frango ra\u00e7\u00e3o para c\u00e3es'});window.open('https:\/\/www.tiendanimal.pt\/3-kg-true-origins-pure-mini-adult-frango-racao-para-caes\/TRU70973.html');\">\n      <img decoding=\"async\" src=\"https:\/\/www.tiendanimal.pt\/on\/demandware.static\/-\/Sites-kiwoko-master-catalog\/default\/dwd5d993d0\/images\/pienso_perros_true_origins_pure_adult_mini_TRU70973_M_NEW_1.jpg\" alt=\"3 kg True Origins Pure Mini Adult Frango ra\u00e7\u00e3o para c\u00e3es\" width=\"90%\" \/><a href=\"https:\/\/www.tiendanimal.pt\/3-kg-true-origins-pure-mini-adult-frango-racao-para-caes\/TRU70973.html\" itemprop=\"name\" class=\"producto-titulo\" data-test=\"test\" target=\"_blank\">3 kg True Origins Pure Mini Adult Frango ra\u00e7\u00e3o para c\u00e3es<\/a>\n      <button class=\"producto-boton\" style=\"width:100%;border-radius:3px;padding:5px;\">Ver produto<\/button><\/div>\n      <\/div>\n    <br>\n    <div class=\"clearfix\"><\/div>\n","protected":false},"excerpt":{"rendered":"<p>Acredita-se que estes c\u00e3es se originaram na Fran\u00e7a e nos Pa\u00edses Baixos no s\u00e9culo XVII. No in\u00edcio tinham um aspeto mais pesado e menos elegante &#8230; <a title=\"Spaniel an\u00e3o continental\" class=\"read-more\" href=\"https:\/\/www.tiendanimal.pt\/blog\/spaniel-anao-continental\/\">Ler mais<\/a><\/p>\n","protected":false},"author":18,"featured_media":3243,"comment_status":"open","ping_status":"closed","sticky":false,"template":"","format":"standard","meta":{"_acf_changed":false,"_uag_custom_page_level_css":"","site-sidebar-layout":"default","site-content-layout":"","ast-site-content-layout":"default","site-content-style":"default","site-sidebar-style":"default","ast-global-header-display":"","ast-banner-title-visibility":"","ast-main-header-display":"","ast-hfb-above-header-display":"","ast-hfb-below-header-display":"","ast-hfb-mobile-header-display":"","site-post-title":"","ast-breadcrumbs-content":"","ast-featured-img":"","footer-sml-layout":"","theme-transparent-header-meta":"","adv-header-id-meta":"","stick-header-meta":"","header-above-stick-meta":"","header-main-stick-meta":"","header-below-stick-meta":"","astra-migrate-meta-layouts":"default","ast-page-background-enabled":"default","ast-page-background-meta":{"desktop":{"background-color":"var(--ast-global-color-5)","background-image":"","background-repeat":"repeat","background-position":"center center","background-size":"auto","background-attachment":"scroll","background-type":"","background-media":"","overlay-type":"","overlay-color":"","overlay-opacity":"","overlay-gradient":""},"tablet":{"background-color":"","background-image":"","background-repeat":"repeat","background-position":"center center","background-size":"auto","background-attachment":"scroll","background-type":"","background-media":"","overlay-type":"","overlay-color":"","overlay-opacity":"","overlay-gradient":""},"mobile":{"background-color":"","background-image":"","background-repeat":"repeat","background-position":"center center","background-size":"auto","background-attachment":"scroll","background-type":"","background-media":"","overlay-type":"","overlay-color":"","overlay-opacity":"","overlay-gradient":""}},"ast-content-background-meta":{"desktop":{"background-color":"var(--ast-global-color-4)","background-image":"","background-repeat":"repeat","background-position":"center center","background-size":"auto","background-attachment":"scroll","background-type":"","background-media":"","overlay-type":"","overlay-color":"","overlay-opacity":"","overlay-gradient":""},"tablet":{"background-color":"var(--ast-global-color-4)","background-image":"","background-repeat":"repeat","background-position":"center center","background-size":"auto","background-attachment":"scroll","background-type":"","background-media":"","overlay-type":"","overlay-color":"","overlay-opacity":"","overlay-gradient":""},"mobile":{"background-color":"var(--ast-global-color-4)","background-image":"","background-repeat":"repeat","background-position":"center center","background-size":"auto","background-attachment":"scroll","background-type":"","background-media":"","overlay-type":"","overlay-color":"","overlay-opacity":"","overlay-gradient":""}},"footnotes":""},"categories":[151],"tags":[],"class_list":["post-3242","post","type-post","status-publish","format-standard","has-post-thumbnail","hentry","category-racas-de-caes","generate-columns","tablet-grid-50","mobile-grid-100","grid-parent","grid-33"],"acf":[],"uagb_featured_image_src":{"full":["https:\/\/www.tiendanimal.pt\/blog\/wp-content\/uploads\/2020\/10\/el-papillon.jpg",850,567,false],"thumbnail":["https:\/\/www.tiendanimal.pt\/blog\/wp-content\/uploads\/2020\/10\/el-papillon-150x150.jpg",150,150,true],"medium":["https:\/\/www.tiendanimal.pt\/blog\/wp-content\/uploads\/2020\/10\/el-papillon-300x200.jpg",300,200,true],"medium_large":["https:\/\/www.tiendanimal.pt\/blog\/wp-content\/uploads\/2020\/10\/el-papillon-768x512.jpg",768,512,true],"large":["https:\/\/www.tiendanimal.pt\/blog\/wp-content\/uploads\/2020\/10\/el-papillon.jpg",850,567,false],"1536x1536":["https:\/\/www.tiendanimal.pt\/blog\/wp-content\/uploads\/2020\/10\/el-papillon.jpg",850,567,false],"2048x2048":["https:\/\/www.tiendanimal.pt\/blog\/wp-content\/uploads\/2020\/10\/el-papillon.jpg",850,567,false]},"uagb_author_info":{"display_name":"Miriam Zazo","author_link":"https:\/\/www.tiendanimal.pt\/blog\/author\/miriam-zazo\/"},"uagb_comment_info":0,"uagb_excerpt":"Acredita-se que estes c\u00e3es se originaram na Fran\u00e7a e nos Pa\u00edses Baixos no s\u00e9culo XVII. No in\u00edcio tinham um aspeto mais pesado e menos elegante ... Ler mais","_links":{"self":[{"href":"https:\/\/www.tiendanimal.pt\/blog\/wp-json\/wp\/v2\/posts\/3242","targetHints":{"allow":["GET"]}}],"collection":[{"href":"https:\/\/www.tiendanimal.pt\/blog\/wp-json\/wp\/v2\/posts"}],"about":[{"href":"https:\/\/www.tiendanimal.pt\/blog\/wp-json\/wp\/v2\/types\/post"}],"author":[{"embeddable":true,"href":"https:\/\/www.tiendanimal.pt\/blog\/wp-json\/wp\/v2\/users\/18"}],"replies":[{"embeddable":true,"href":"https:\/\/www.tiendanimal.pt\/blog\/wp-json\/wp\/v2\/comments?post=3242"}],"version-history":[{"count":2,"href":"https:\/\/www.tiendanimal.pt\/blog\/wp-json\/wp\/v2\/posts\/3242\/revisions"}],"predecessor-version":[{"id":8770,"href":"https:\/\/www.tiendanimal.pt\/blog\/wp-json\/wp\/v2\/posts\/3242\/revisions\/8770"}],"wp:featuredmedia":[{"embeddable":true,"href":"https:\/\/www.tiendanimal.pt\/blog\/wp-json\/wp\/v2\/media\/3243"}],"wp:attachment":[{"href":"https:\/\/www.tiendanimal.pt\/blog\/wp-json\/wp\/v2\/media?parent=3242"}],"wp:term":[{"taxonomy":"category","embeddable":true,"href":"https:\/\/www.tiendanimal.pt\/blog\/wp-json\/wp\/v2\/categories?post=3242"},{"taxonomy":"post_tag","embeddable":true,"href":"https:\/\/www.tiendanimal.pt\/blog\/wp-json\/wp\/v2\/tags?post=3242"}],"curies":[{"name":"wp","href":"https:\/\/api.w.org\/{rel}","templated":true}]}}