{"id":4775,"date":"2024-02-22T09:37:23","date_gmt":"2024-02-22T08:37:23","guid":{"rendered":"https:\/\/www.tiendanimal.pt\/blog\/?p=4775"},"modified":"2025-03-18T14:47:52","modified_gmt":"2025-03-18T14:47:52","slug":"mastim-espanhol","status":"publish","type":"post","link":"https:\/\/www.tiendanimal.pt\/blog\/mastim-espanhol\/","title":{"rendered":"Mastim Espanhol: conselhos, cuidados e caracter\u00edsticas"},"content":{"rendered":"<div id=\"ez-toc-container\" class=\"ez-toc-v2_0_82_2 counter-hierarchy ez-toc-counter ez-toc-grey ez-toc-container-direction\">\n<div class=\"ez-toc-title-container\">\n<p class=\"ez-toc-title\" style=\"cursor:inherit\">\u00cdndice<\/p>\n<span class=\"ez-toc-title-toggle\"><a href=\"#\" class=\"ez-toc-pull-right ez-toc-btn ez-toc-btn-xs ez-toc-btn-default ez-toc-toggle\" aria-label=\"Toggle Table of Content\"><span class=\"ez-toc-js-icon-con\"><span class=\"\"><span class=\"eztoc-hide\" style=\"display:none;\">Toggle<\/span><span class=\"ez-toc-icon-toggle-span\"><svg style=\"fill: #999;color:#999\" xmlns=\"http:\/\/www.w3.org\/2000\/svg\" class=\"list-377408\" width=\"20px\" height=\"20px\" viewBox=\"0 0 24 24\" fill=\"none\"><path d=\"M6 6H4v2h2V6zm14 0H8v2h12V6zM4 11h2v2H4v-2zm16 0H8v2h12v-2zM4 16h2v2H4v-2zm16 0H8v2h12v-2z\" fill=\"currentColor\"><\/path><\/svg><svg style=\"fill: #999;color:#999\" class=\"arrow-unsorted-368013\" xmlns=\"http:\/\/www.w3.org\/2000\/svg\" width=\"10px\" height=\"10px\" viewBox=\"0 0 24 24\" version=\"1.2\" baseProfile=\"tiny\"><path d=\"M18.2 9.3l-6.2-6.3-6.2 6.3c-.2.2-.3.4-.3.7s.1.5.3.7c.2.2.4.3.7.3h11c.3 0 .5-.1.7-.3.2-.2.3-.5.3-.7s-.1-.5-.3-.7zM5.8 14.7l6.2 6.3 6.2-6.3c.2-.2.3-.5.3-.7s-.1-.5-.3-.7c-.2-.2-.4-.3-.7-.3h-11c-.3 0-.5.1-.7.3-.2.2-.3.5-.3.7s.1.5.3.7z\"\/><\/svg><\/span><\/span><\/span><\/a><\/span><\/div>\n<nav><ul class='ez-toc-list ez-toc-list-level-1 ' ><li class='ez-toc-page-1 ez-toc-heading-level-2'><a class=\"ez-toc-link ez-toc-heading-1\" href=\"https:\/\/www.tiendanimal.pt\/blog\/mastim-espanhol\/#Caracteristicas_gerais_do_Mastim_Espanhol\" >Caracter\u00edsticas gerais do Mastim Espanhol<\/a><\/li><li class='ez-toc-page-1 ez-toc-heading-level-2'><a class=\"ez-toc-link ez-toc-heading-2\" href=\"https:\/\/www.tiendanimal.pt\/blog\/mastim-espanhol\/#Descubra_a_sua_historia_e_as_suas_origens\" >Descubra a sua hist\u00f3ria e as suas origens<\/a><\/li><li class='ez-toc-page-1 ez-toc-heading-level-2'><a class=\"ez-toc-link ez-toc-heading-3\" href=\"https:\/\/www.tiendanimal.pt\/blog\/mastim-espanhol\/#Tipos_de_Mastim_Espanhol\" >Tipos de Mastim Espanhol<\/a><\/li><li class='ez-toc-page-1 ez-toc-heading-level-2'><a class=\"ez-toc-link ez-toc-heading-4\" href=\"https:\/\/www.tiendanimal.pt\/blog\/mastim-espanhol\/#Etapa_de_cachorro_do_Mastim_Espanhol\" >Etapa de cachorro do Mastim Espanhol<\/a><\/li><li class='ez-toc-page-1 ez-toc-heading-level-2'><a class=\"ez-toc-link ez-toc-heading-5\" href=\"https:\/\/www.tiendanimal.pt\/blog\/mastim-espanhol\/#O_caracter_do_Mastim_Espanhol\" >O car\u00e1cter do Mastim Espanhol<\/a><\/li><li class='ez-toc-page-1 ez-toc-heading-level-2'><a class=\"ez-toc-link ez-toc-heading-6\" href=\"https:\/\/www.tiendanimal.pt\/blog\/mastim-espanhol\/#Qual_e_a_melhor_alimentacao\" >Qual \u00e9 a melhor alimenta\u00e7\u00e3o?<\/a><\/li><li class='ez-toc-page-1 ez-toc-heading-level-2'><a class=\"ez-toc-link ez-toc-heading-7\" href=\"https:\/\/www.tiendanimal.pt\/blog\/mastim-espanhol\/#Saude\" >Sa\u00fade<\/a><\/li><li class='ez-toc-page-1 ez-toc-heading-level-2'><a class=\"ez-toc-link ez-toc-heading-8\" href=\"https:\/\/www.tiendanimal.pt\/blog\/mastim-espanhol\/#Cuidados_essenciais\" >Cuidados essenciais<\/a><\/li><li class='ez-toc-page-1 ez-toc-heading-level-2'><a class=\"ez-toc-link ez-toc-heading-9\" href=\"https:\/\/www.tiendanimal.pt\/blog\/mastim-espanhol\/#Adotar_um_Mastim_Espanhol\" >Adotar um Mastim Espanhol<\/a><\/li><li class='ez-toc-page-1 ez-toc-heading-level-2'><a class=\"ez-toc-link ez-toc-heading-10\" href=\"https:\/\/www.tiendanimal.pt\/blog\/mastim-espanhol\/#Perguntas_frequentes_sobre_a_raca\" >Perguntas frequentes sobre a ra\u00e7a<\/a><\/li><\/ul><\/nav><\/div>\n\n<hr class=\"wp-block-separator is-style-wide\"\/>\n\n\n\n<figure class=\"wp-block-table is-style-stripes\"><table><tbody><tr><td>Nome:<\/td><td>Mastim espanhol, mastim leon\u00eas, mastim da Extremadura.<\/td><\/tr><tr><td>Origem:<\/td><td>Espanha.<\/td><\/tr><tr><td>Esperan\u00e7a de vida:<\/td><td>12-14 anos.<\/td><\/tr><tr><td>Cor:<\/td><td>Branco, preto, tigrado.<\/td><\/tr><tr><td>Pelo:<\/td><td>Curto, liso, arbustivo.<\/td><\/tr><tr><td>Tamanho:<\/td><td>Gigante.<\/td><\/tr><tr><td>Altura:<\/td><td>70-80 cm.<\/td><\/tr><tr><td>Peso:<\/td><td>50-90kg.<\/td><\/tr><tr><td>Temperamento:<\/td><td>Equilibrado, Calmo, Afetuoso.<\/td><\/tr><tr><td>Requisitos:<\/td><td>Escovagem regular, limpeza dos ouvidos, muito espa\u00e7o.<\/td><\/tr><tr><td>Compet\u00eancias:<\/td><td>C\u00e3o de guarda, protetor do gado, companheiro fiel.<\/td><\/tr><tr><td>Ideal para:<\/td><td>Fam\u00edlias com crian\u00e7as, pessoas que querem um c\u00e3o leal e protetor, propriet\u00e1rios de casas com muito espa\u00e7o exterior.<\/td><\/tr><\/tbody><\/table><\/figure>\n\n\n\n<p><\/p>\n\n\n\n<h2 class=\"wp-block-heading\"><span class=\"ez-toc-section\" id=\"Caracteristicas_gerais_do_Mastim_Espanhol\"><\/span>Caracter\u00edsticas gerais do Mastim Espanhol<span class=\"ez-toc-section-end\"><\/span><\/h2>\n\n\n\n<div class=\"wp-block-image\"><figure class=\"alignright size-full is-resized\"><a href=\"https:\/\/www.tiendanimal.pt\/blog\/wp-content\/uploads\/2024\/02\/mastin-espanol-cao-caracter.jpg\" target=\"_blank\" rel=\"noopener\"><img decoding=\"async\" src=\"https:\/\/www.tiendanimal.pt\/blog\/wp-content\/uploads\/2024\/02\/mastin-espanol-cao-caracter.jpg\" alt=\"Caracter\u00edsticas do Mastim Espanhol\" class=\"wp-image-7575\" width=\"268\" height=\"402\" srcset=\"https:\/\/www.tiendanimal.pt\/blog\/wp-content\/uploads\/2024\/02\/mastin-espanol-cao-caracter.jpg 480w, https:\/\/www.tiendanimal.pt\/blog\/wp-content\/uploads\/2024\/02\/mastin-espanol-cao-caracter-199x300.jpg 199w\" sizes=\"(max-width: 268px) 100vw, 268px\" \/><\/a><\/figure><\/div>\n\n\n\n<p>O Mastim Espanhol \u00e9 um <strong>c\u00e3o de grande porte <\/strong>com um<strong> <\/strong>aspeto majestoso que o distingue das outras ra\u00e7as. O seu aspeto impressionante e o seu <strong>temperamento equilibrado <\/strong>fazem dele o<strong> <\/strong>c\u00e3o preferido de quem procura um companheiro de confian\u00e7a. O Mastim Espanhol \u00e9 conhecido pela sua forte musculatura e pelo solto, que forma pregas no corpo e lhe confere um aspeto distinto.<\/p>\n\n\n\n<h2 class=\"wp-block-heading\"><span class=\"ez-toc-section\" id=\"Descubra_a_sua_historia_e_as_suas_origens\"><\/span>Descubra a sua hist\u00f3ria e as suas origens<span class=\"ez-toc-section-end\"><\/span><\/h2>\n\n\n\n<p>O Mastim Espanhol \u00e9 uma ra\u00e7a canina que est\u00e1 associada a Espanha h\u00e1 mais de <strong>1000 anos<\/strong>, e acredita-se<strong> <\/strong>que a sua chegada ao pa\u00eds se deveu \u00e0 passagem de civiliza\u00e7\u00f5es como os romanos e os fen\u00edcios.&nbsp;<\/p>\n\n\n\n<p>No entanto, n\u00e3o existem registos oficiais da presen\u00e7a do Mastim Espanhol na Pen\u00ednsula Ib\u00e9rica at\u00e9 1237, quando foi fundada a Mesta (organiza\u00e7\u00e3o de criadores de gado de Castela e Le\u00e3o). Desde ent\u00e3o, esta ra\u00e7a canina foi utilizada para a <strong>cria\u00e7\u00e3o de gado <\/strong>nas propriedades, que tamb\u00e9m guardava devido \u00e0s suas caracter\u00edsticas f\u00edsicas.<\/p>\n\n\n\n<p>Merece especial destaque o seu papel de <strong>pastor itinerante <\/strong>em Espanha, ao longo das rotas do gado real de norte a sul, cuidando do gado e protegendo-o de predadores como os lobos.&nbsp;<\/p>\n\n\n\n<p>O Mastim Espanhol foi ent\u00e3o parar \u00e0s casas das fam\u00edlias espanholas, onde continua a ser um <strong>guardi\u00e3o <\/strong>e um excelente animal de estima\u00e7\u00e3o.<\/p>\n\n\n\n<h2 class=\"wp-block-heading\"><span class=\"ez-toc-section\" id=\"Tipos_de_Mastim_Espanhol\"><\/span>Tipos de Mastim Espanhol<span class=\"ez-toc-section-end\"><\/span><\/h2>\n\n\n\n<p>As diferentes variedades do Mastim Espanhol podem ser atribu\u00eddas \u00e0 paleta de cores do seu pelo.&nbsp;<\/p>\n\n\n\n<p>Estas s\u00e3o as diferentes cores que o pelo do Mastim Espanhol pode ter:<\/p>\n\n\n\n<ul class=\"wp-block-list\"><li><strong>Mastim Espanhol Branco: <\/strong>Esta \u00e9 uma das cores mais marcantes da ra\u00e7a, dando \u00e0 conforma\u00e7\u00e3o um aspeto radiante.<\/li><li><strong>Mastim Espanhol Preto: <\/strong>Esta cor escura confere \u00e0 ra\u00e7a um aspeto ainda mais impressionante.<\/li><li><strong>Mastim Espanhol Tigrado: <\/strong>Este padr\u00e3o de cor pode combinar tons amarelos e avermelhados com manchas escuras.<\/li><\/ul>\n\n\n\n<h2 class=\"wp-block-heading\"><span class=\"ez-toc-section\" id=\"Etapa_de_cachorro_do_Mastim_Espanhol\"><\/span>Etapa de cachorro do Mastim Espanhol<span class=\"ez-toc-section-end\"><\/span><\/h2>\n\n\n\n<p>Desde muito cedo, o pequeno Mastim Espanhol caracteriza-se por ser <strong>muito afetuoso <\/strong>para com a sua fam\u00edlia adotiva, recebendo dela in\u00fameras manifesta\u00e7\u00f5es de carinho. Por essa mesma raz\u00e3o, <strong>n\u00e3o gosta de passar muito tempo sem estar em contacto com a sua fam\u00edlia<\/strong>.<\/p>\n\n\n\n<p>Outra carater\u00edstica importante desta ra\u00e7a de c\u00e3o \u00e9 a sua <strong>calma, <\/strong>que s\u00f3 come\u00e7a a manifestar-se na idade adulta. At\u00e9 l\u00e1, o cachorro Mastim Espanhol caracteriza-se por ser <strong>brincalh\u00e3o <\/strong>e um pouco indisciplinado. Nestes casos, \u00e9 realmente ben\u00e9fico oferecer-lhes uma s\u00e9rie de atividades que estimulem tanto o olfato como o intelecto.<\/p>\n\n\n\n<p>No entanto, o cachorro Mastim Espanhol deve <strong>ser bem treinado <\/strong>para conhecer as regras da casa e controlar a sua for\u00e7a.&nbsp;<\/p>\n\n\n\n<div style=\"height:10px\" aria-hidden=\"true\" class=\"wp-block-spacer\"><\/div>\n\n\n\n<div class=\"wp-block-image\"><figure class=\"aligncenter size-full is-resized\"><a href=\"https:\/\/www.tiendanimal.pt\/blog\/wp-content\/uploads\/2024\/02\/cachorro-mastin-espanol-foto.jpg\" target=\"_blank\" rel=\"noopener\"><img decoding=\"async\" src=\"https:\/\/www.tiendanimal.pt\/blog\/wp-content\/uploads\/2024\/02\/cachorro-mastin-espanol-foto.jpg\" alt=\"Fotografia de um cachorro beb\u00e9 da ra\u00e7a Mastim Espanhol\" class=\"wp-image-7580\" width=\"675\" height=\"353\" srcset=\"https:\/\/www.tiendanimal.pt\/blog\/wp-content\/uploads\/2024\/02\/cachorro-mastin-espanol-foto.jpg 900w, https:\/\/www.tiendanimal.pt\/blog\/wp-content\/uploads\/2024\/02\/cachorro-mastin-espanol-foto-300x157.jpg 300w, https:\/\/www.tiendanimal.pt\/blog\/wp-content\/uploads\/2024\/02\/cachorro-mastin-espanol-foto-768x402.jpg 768w\" sizes=\"(max-width: 675px) 100vw, 675px\" \/><\/a><\/figure><\/div>\n\n\n\n<div style=\"height:10px\" aria-hidden=\"true\" class=\"wp-block-spacer\"><\/div>\n\n\n\n<h2 class=\"wp-block-heading\"><span class=\"ez-toc-section\" id=\"O_caracter_do_Mastim_Espanhol\"><\/span>O car\u00e1cter do Mastim Espanhol<span class=\"ez-toc-section-end\"><\/span><\/h2>\n\n\n\n<p>Uma das caracter\u00edsticas mais marcantes desta ra\u00e7a \u00e9 a sua <strong>natureza calma e gentil.<\/strong> Apesar da sua apar\u00eancia intimidante, s\u00e3o c\u00e3es extremamente leais e afetuosos, especialmente para com as suas fam\u00edlias.<\/p>\n\n\n\n<p>O Mastim Espanhol \u00e9 um c\u00e3o de guarda por natureza, o que o torna um excelente <strong>guardi\u00e3o do<\/strong> <strong>lar. <\/strong>O seu instinto protetor em rela\u00e7\u00e3o \u00e0 fam\u00edlia \u00e9 uma das raz\u00f5es pelas quais \u00e9 t\u00e3o popular em muitas partes do mundo.<\/p>\n\n\n\n<p>\u00c9 importante que o Mastim Espanhol seja <strong>devidamente socializado <\/strong>para que<strong> <\/strong>possa interagir com outras pessoas e animais de estima\u00e7\u00e3o de uma forma saud\u00e1vel. \u00c9 importante lembrar que esta ra\u00e7a de c\u00e3o pode ser um pouco teimosa e dif\u00edcil de motivar, por isso \u00e9 importante trein\u00e1-la para evitar certos comportamentos.&nbsp;<\/p>\n\n\n\n<p>Para o <strong>treino do Mastim Espanhol<\/strong>, que<strong> <\/strong>tamb\u00e9m deve ser <strong>positivo, <\/strong>pode aproveitar-se da sua gula, oferecendo-lhe guloseimas para que ele obede\u00e7a \u00e0s ordens que lhe s\u00e3o dadas. \u00c9 claro que se deve garantir sempre uma alimenta\u00e7\u00e3o equilibrada, pois o c\u00e3o tem tend\u00eancia a ganhar peso.&nbsp;<\/p>\n\n\n\n<p>Outro fator a ter em conta no treino \u00e9 o conhecimento de como <strong>refor\u00e7ar a capacidade <\/strong>do Mastim Espanhol como <strong>c\u00e3o de trabalho<\/strong>. Desta forma, e atrav\u00e9s de diferentes t\u00e9cnicas de treino, \u00e9 poss\u00edvel desenvolver a capacidade do Mastim Espanhol para realizar <strong>tarefas de pastoreio ou de guarda, <\/strong>entre outras.<\/p>\n\n\n\n<h2 class=\"wp-block-heading\"><span class=\"ez-toc-section\" id=\"Qual_e_a_melhor_alimentacao\"><\/span>Qual \u00e9 a melhor alimenta\u00e7\u00e3o?<span class=\"ez-toc-section-end\"><\/span><\/h2>\n\n\n\n<p>A alimenta\u00e7\u00e3o \u00e9 uma parte importante dos cuidados a ter com um Mastim Espanhol e, tal como acontece com outras ra\u00e7as, deve ser adaptada \u00e0 respetiva <strong>fase da vida. <\/strong>Afinal de contas,<strong> <\/strong>as suas necessidades nutricionais enquanto <strong>cachorro, adulto e s\u00e9nior <\/strong>s\u00e3o diferentes.<\/p>\n\n\n\n<p>Dado o seu tamanho e r\u00e1pido crescimento, \u00e9 importante fornecer-lhes uma dieta adequada para satisfazer as suas necessidades nutricionais. Os mastins espanh\u00f3is precisam de uma dieta <strong>rica em prote\u00ednas de alta qualidade <\/strong>para promover<strong> <\/strong>o desenvolvimento muscular e \u00f3sseo. \u00c9 igualmente importante <strong>controlar a ingest\u00e3o de calorias <\/strong>para <strong>evitar a obesidade, <\/strong>que<strong> <\/strong>pode exercer press\u00e3o sobre as articula\u00e7\u00f5es.<\/p>\n\n\n\n<div style=\"height:10px\" aria-hidden=\"true\" class=\"wp-block-spacer\"><\/div>\n\n\n  <style>\n  .product-container{\n    cursor:pointer;\n  }\n  a.producto-titulo{\n    font-size: 13px;line-height: 1.2;height: 62px;margin-bottom: 12px;color: #575757;font-weight:400;display:inline-block;overflow:hidden;font-family: \"Poppins\", sans-serif;\n  }\n  .producto .product-container img{\n    max-height: 126px;\n    width: auto;\n    height: auto;\n  }\n  @media (max-width: 480px){\n    a.producto-titulo{\n        font-size: 16px;\n        line-height: 1.3;\n    }\n  }\n  <\/style>\n  <div class=\"clearfix\"><\/div>\n    <div id=\"external-products-48347\" class=\"row external-products producto\" style=\"width:100%; margin:0 auto;\"><div itemprop=\"offers\" itemscope itemtype=\"http:\/\/schema.org\/Offer\" class=\"product-container\" style=\"width:19.4%;margin:0 auto;display:inline-block;\" onclick=\"dataLayer.push({'event':'crosseling_product_click', 'event_name':'crosseling_product_click', 'label':'body', 'link_url':'https:\/\/www.tiendanimal.pt\/15-kg-criadores-frutas-e-legumes-racao-para-caes-racas-medias-e-grandes\/CRD1123.html', 'category':'Ra\u00e7\u00e3o para c\u00e3es', 'product_name':'15 kg Criadores Frutas e Legumes ra\u00e7\u00e3o para c\u00e3es ra\u00e7as m\u00e9dias e grandes'});window.open('https:\/\/www.tiendanimal.pt\/15-kg-criadores-frutas-e-legumes-racao-para-caes-racas-medias-e-grandes\/CRD1123.html');\">\n      <img decoding=\"async\" src=\"https:\/\/www.tiendanimal.pt\/on\/demandware.static\/-\/Sites-kiwoko-master-catalog\/default\/dw59ed9e3f\/images\/pienso_perros_criadores_frutas_verduras_CRD1123_M.jpg\" alt=\"15 kg Criadores Frutas e Legumes ra\u00e7\u00e3o para c\u00e3es ra\u00e7as m\u00e9dias e grandes\" width=\"90%\" \/><a href=\"https:\/\/www.tiendanimal.pt\/15-kg-criadores-frutas-e-legumes-racao-para-caes-racas-medias-e-grandes\/CRD1123.html\" itemprop=\"name\" class=\"producto-titulo\" data-test=\"test\" target=\"_blank\">15 kg Criadores Frutas e Legumes ra\u00e7\u00e3o para c\u00e3es ra\u00e7as m\u00e9dias e grandes<\/a>\n      <button class=\"producto-boton\" style=\"width:100%;border-radius:3px;padding:5px;\">Ver produto<\/button><\/div>\n      <div itemprop=\"offers\" itemscope itemtype=\"http:\/\/schema.org\/Offer\" class=\"product-container\" style=\"width:19.4%;margin:0 auto;display:inline-block;\" onclick=\"dataLayer.push({'event':'crosseling_product_click', 'event_name':'crosseling_product_click', 'label':'body', 'link_url':'https:\/\/www.tiendanimal.pt\/12-kg-criadores-grain-free-peru-racao-caes-racas-medias-e-grandes\/CRD0810.html', 'category':'Ra\u00e7\u00e3o para c\u00e3es', 'product_name':'12 kg Criadores Grain Free Peru ra\u00e7\u00e3o c\u00e3es ra\u00e7as m\u00e9dias e grandes'});window.open('https:\/\/www.tiendanimal.pt\/12-kg-criadores-grain-free-peru-racao-caes-racas-medias-e-grandes\/CRD0810.html');\">\n      <img decoding=\"async\" src=\"https:\/\/www.tiendanimal.pt\/on\/demandware.static\/-\/Sites-kiwoko-master-catalog\/default\/dwd0e1b7d5\/images\/pienso_perros_criadores_grain_free_pavo_razas_medianas_grandes_sin_gluten_CRD0810_M.jpg.jpg\" alt=\"12 kg Criadores Grain Free Peru ra\u00e7\u00e3o c\u00e3es ra\u00e7as m\u00e9dias e grandes\" width=\"90%\" \/><a href=\"https:\/\/www.tiendanimal.pt\/12-kg-criadores-grain-free-peru-racao-caes-racas-medias-e-grandes\/CRD0810.html\" itemprop=\"name\" class=\"producto-titulo\" data-test=\"test\" target=\"_blank\">12 kg Criadores Grain Free Peru ra\u00e7\u00e3o c\u00e3es ra\u00e7as m\u00e9dias e grandes<\/a>\n      <button class=\"producto-boton\" style=\"width:100%;border-radius:3px;padding:5px;\">Ver produto<\/button><\/div>\n      <div itemprop=\"offers\" itemscope itemtype=\"http:\/\/schema.org\/Offer\" class=\"product-container\" style=\"width:19.4%;margin:0 auto;display:inline-block;\" onclick=\"dataLayer.push({'event':'crosseling_product_click', 'event_name':'crosseling_product_click', 'label':'body', 'link_url':'https:\/\/www.tiendanimal.pt\/15-kg-criadores-adulto-alta-energia-frango-racao-para-caes-de-porte-medio-e-grande\/CRD1125.html', 'category':'Ra\u00e7\u00e3o para c\u00e3es', 'product_name':'15 kg Criadores Adulto Alta Energia Frango ra\u00e7\u00e3o para c\u00e3es de porte m\u00e9dio e grande'});window.open('https:\/\/www.tiendanimal.pt\/15-kg-criadores-adulto-alta-energia-frango-racao-para-caes-de-porte-medio-e-grande\/CRD1125.html');\">\n      <img decoding=\"async\" src=\"https:\/\/www.tiendanimal.pt\/on\/demandware.static\/-\/Sites-kiwoko-master-catalog\/default\/dwfddf6d19\/images\/CHnew_Criadores-Adulto-Alta-Energia-pienso-para-perros-de-razas-medianas-y-grandes_CRD1125_M.jpg\" alt=\"15 kg Criadores Adulto Alta Energia Frango ra\u00e7\u00e3o para c\u00e3es de porte m\u00e9dio e grande\" width=\"90%\" \/><a href=\"https:\/\/www.tiendanimal.pt\/15-kg-criadores-adulto-alta-energia-frango-racao-para-caes-de-porte-medio-e-grande\/CRD1125.html\" itemprop=\"name\" class=\"producto-titulo\" data-test=\"test\" target=\"_blank\">15 kg Criadores Adulto Alta Energia Frango ra\u00e7\u00e3o para c\u00e3es de porte m\u00e9dio e grande<\/a>\n      <button class=\"producto-boton\" style=\"width:100%;border-radius:3px;padding:5px;\">Ver produto<\/button><\/div>\n      <div itemprop=\"offers\" itemscope itemtype=\"http:\/\/schema.org\/Offer\" class=\"product-container\" style=\"width:19.4%;margin:0 auto;display:inline-block;\" onclick=\"dataLayer.push({'event':'crosseling_product_click', 'event_name':'crosseling_product_click', 'label':'body', 'link_url':'https:\/\/www.tiendanimal.pt\/3-kg-criadores-adulto-salmao-e-arroz-racao-para-caes-de-porte-medio-e-grande\/CRD1116.html', 'category':'Ra\u00e7\u00e3o para c\u00e3es', 'product_name':'3 kg Criadores Adulto Salm\u00e3o e Arroz ra\u00e7\u00e3o para c\u00e3es de porte m\u00e9dio e grande'});window.open('https:\/\/www.tiendanimal.pt\/3-kg-criadores-adulto-salmao-e-arroz-racao-para-caes-de-porte-medio-e-grande\/CRD1116.html');\">\n      <img decoding=\"async\" src=\"https:\/\/www.tiendanimal.pt\/on\/demandware.static\/-\/Sites-kiwoko-master-catalog\/default\/dwf94e26b8\/images\/pienso_perros_Criadores_pienso_salmon_arroz_perros_CRD1117_M.jpg\" alt=\"3 kg Criadores Adulto Salm\u00e3o e Arroz ra\u00e7\u00e3o para c\u00e3es de porte m\u00e9dio e grande\" width=\"90%\" \/><a href=\"https:\/\/www.tiendanimal.pt\/3-kg-criadores-adulto-salmao-e-arroz-racao-para-caes-de-porte-medio-e-grande\/CRD1116.html\" itemprop=\"name\" class=\"producto-titulo\" data-test=\"test\" target=\"_blank\">3 kg Criadores Adulto Salm\u00e3o e Arroz ra\u00e7\u00e3o para c\u00e3es de porte m\u00e9dio e grande<\/a>\n      <button class=\"producto-boton\" style=\"width:100%;border-radius:3px;padding:5px;\">Ver produto<\/button><\/div>\n      <div itemprop=\"offers\" itemscope itemtype=\"http:\/\/schema.org\/Offer\" class=\"product-container\" style=\"width:19.4%;margin:0 auto;display:inline-block;\" onclick=\"dataLayer.push({'event':'crosseling_product_click', 'event_name':'crosseling_product_click', 'label':'body', 'link_url':'https:\/\/www.tiendanimal.pt\/3-kg-criadores-adult-borrego-e-arroz-racao-para-caes-de-porte-medio-e-grande\/CRD0955.html', 'category':'Ra\u00e7\u00e3o para c\u00e3es', 'product_name':'3 kg Criadores Adult Borrego e Arroz ra\u00e7\u00e3o para c\u00e3es de porte m\u00e9dio e grande'});window.open('https:\/\/www.tiendanimal.pt\/3-kg-criadores-adult-borrego-e-arroz-racao-para-caes-de-porte-medio-e-grande\/CRD0955.html');\">\n      <img decoding=\"async\" src=\"https:\/\/www.tiendanimal.pt\/on\/demandware.static\/-\/Sites-kiwoko-master-catalog\/default\/dw8204b831\/images\/pienso_gastroinestinal_perros_criadores_arroz_CRD2317_M.jpg\" alt=\"3 kg Criadores Adult Borrego e Arroz ra\u00e7\u00e3o para c\u00e3es de porte m\u00e9dio e grande\" width=\"90%\" \/><a href=\"https:\/\/www.tiendanimal.pt\/3-kg-criadores-adult-borrego-e-arroz-racao-para-caes-de-porte-medio-e-grande\/CRD0955.html\" itemprop=\"name\" class=\"producto-titulo\" data-test=\"test\" target=\"_blank\">3 kg Criadores Adult Borrego e Arroz ra\u00e7\u00e3o para c\u00e3es de porte m\u00e9dio e grande<\/a>\n      <button class=\"producto-boton\" style=\"width:100%;border-radius:3px;padding:5px;\">Ver produto<\/button><\/div>\n      <\/div>\n    <br>\n    <div class=\"clearfix\"><\/div>\n\n\n\n<div style=\"height:10px\" aria-hidden=\"true\" class=\"wp-block-spacer\"><\/div>\n\n\n\n<div class=\"wp-block-image\"><figure class=\"aligncenter size-full is-resized\"><a href=\"https:\/\/www.tiendanimal.pt\/blog\/wp-content\/uploads\/2024\/02\/caracteristicas-da-raca-canina-mastin-espanol.jpg\" target=\"_blank\" rel=\"noopener\"><img decoding=\"async\" src=\"https:\/\/www.tiendanimal.pt\/blog\/wp-content\/uploads\/2024\/02\/caracteristicas-da-raca-canina-mastin-espanol.jpg\" alt=\"Car\u00e1cter do Mastim Espanhol\" class=\"wp-image-7585\" width=\"675\" height=\"353\" srcset=\"https:\/\/www.tiendanimal.pt\/blog\/wp-content\/uploads\/2024\/02\/caracteristicas-da-raca-canina-mastin-espanol.jpg 900w, https:\/\/www.tiendanimal.pt\/blog\/wp-content\/uploads\/2024\/02\/caracteristicas-da-raca-canina-mastin-espanol-300x157.jpg 300w, https:\/\/www.tiendanimal.pt\/blog\/wp-content\/uploads\/2024\/02\/caracteristicas-da-raca-canina-mastin-espanol-768x402.jpg 768w\" sizes=\"(max-width: 675px) 100vw, 675px\" \/><\/a><\/figure><\/div>\n\n\n\n<div style=\"height:10px\" aria-hidden=\"true\" class=\"wp-block-spacer\"><\/div>\n\n\n\n<h2 class=\"wp-block-heading\"><span class=\"ez-toc-section\" id=\"Saude\"><\/span>Sa\u00fade<span class=\"ez-toc-section-end\"><\/span><\/h2>\n\n\n\n<p>A sa\u00fade do seu Mastim Espanhol \u00e9 uma prioridade e \u00e9 importante que esteja ciente das poss\u00edveis doen\u00e7as que podem afetar esta ra\u00e7a.<\/p>\n\n\n\n<ul class=\"wp-block-list\"><li>Apesar da sua robustez, o Mastim Espanhol pode sofrer de v\u00e1rias doen\u00e7as, como a <strong>displasia da anca, <\/strong>que provoca <strong>problemas de movimento. <\/strong>Por este motivo, para al\u00e9m da administra\u00e7\u00e3o de condroprotetores para fortalecer as articula\u00e7\u00f5es, \u00e9 necess\u00e1rio visitar o veterin\u00e1rio para acompanhar a evolu\u00e7\u00e3o da pr\u00f3pria doen\u00e7a.&nbsp;<\/li><li>Para al\u00e9m desta patologia, \u00e9 tamb\u00e9m de referir a <strong>obesidade, <\/strong>a que esta ra\u00e7a canina \u00e9 propensa devido \u00e0 sua j\u00e1 referida gula. O aumento dr\u00e1stico de peso tamb\u00e9m pode agravar a displasia da anca do Mastim Espanhol. Por isso, tanto uma dieta equilibrada como uma boa rotina de exerc\u00edcio para <strong>combater o sedentarismo <\/strong>s\u00e3o de grande utilidade para prevenir ou tratar esta doen\u00e7a.<\/li><li>Outro problema de sa\u00fade de que o Mastim Espanhol pode sofrer \u00e9 o <strong>entr\u00f3pio<\/strong>, em que o bordo da p\u00e1lpebra se dobra para dentro em dire\u00e7\u00e3o ao globo ocular, causando irrita\u00e7\u00e3o e danos na c\u00f3rnea. Nos piores casos, o animal pode ter dificuldade em abrir o olho afetado e pode mesmo <strong>perder a vis\u00e3o<\/strong>.&nbsp;<\/li><li>Por \u00faltimo, mas n\u00e3o menos importante, o Mastim Espanhol deve receber tempo e aten\u00e7\u00e3o, uma vez que \u00e9 uma ra\u00e7a d\u00f3cil e complacente. Por isso, se n\u00e3o receber afeto suficiente, pode desenvolver <strong>perturba\u00e7\u00f5es psicol\u00f3gicas, como a depress\u00e3o<\/strong>.<\/li><\/ul>\n\n\n\n<h2 class=\"wp-block-heading\"><span class=\"ez-toc-section\" id=\"Cuidados_essenciais\"><\/span>Cuidados essenciais<span class=\"ez-toc-section-end\"><\/span><\/h2>\n\n\n\n<p>O Mastim Espanhol n\u00e3o \u00e9 uma ra\u00e7a de c\u00e3o que exija cuidados muito b\u00e1sicos. S\u00f3 deve ser dada aten\u00e7\u00e3o aos seguintes aspetos:<\/p>\n\n\n\n<ul class=\"wp-block-list\"><li>O pelo deve ser escovado <strong>duas vezes por semana <\/strong>para<strong> <\/strong>reduzir a queda e mant\u00ea-lo livre de parasitas. Um banho por m\u00eas tamb\u00e9m \u00e9 suficiente para manter o Mastim Espanhol limpo.&nbsp;<\/li><li>Outro aspeto a ter em conta durante os cuidados \u00e9 a <strong>limpeza das orelhas, <\/strong>que deve ser vigiada para evitar poss\u00edveis infe\u00e7\u00f5es devido \u00e0 sua queda.<\/li><li>Apesar do seu tamanho, estes c\u00e3es precisam de <strong>exerc\u00edcio di\u00e1rio <\/strong>para se manterem em forma e saud\u00e1veis. Passeios regulares e brincadeiras s\u00e3o essenciais.<\/li><li>Se for confrontado com diferentes situa\u00e7\u00f5es e pessoas desde tenra idade, pode tornar-se num c\u00e3o <strong>bem soci\u00e1vel.<\/strong><\/li><li>Marque <strong>visitas regulares ao veterin\u00e1rio <\/strong>para se certificar de que<strong> <\/strong>o seu Mastim Espanhol tem as vacinas e os exames de sa\u00fade em dia.<\/li><\/ul>\n\n\n\n<h2 class=\"wp-block-heading\"><span class=\"ez-toc-section\" id=\"Adotar_um_Mastim_Espanhol\"><\/span>Adotar um Mastim Espanhol<span class=\"ez-toc-section-end\"><\/span><\/h2>\n\n\n\n<p>Depois de conhecer este c\u00e3o impressionante, cuja <strong>apar\u00eancia robusta <\/strong>nada tem a ver com o seu <strong>car\u00e1cter ador\u00e1vel, <\/strong>\u00e9<strong> <\/strong>normal que pense em adotar um Mastim Espanhol.&nbsp;<\/p>\n\n\n\n<p>No entanto, n\u00e3o se deve esquecer que esta \u00e9 uma ra\u00e7a de c\u00e3o que precisa de ser <strong>bem treinada para controlar a sua for\u00e7a e <\/strong>que tamb\u00e9m <strong>precisa de espa\u00e7o para <\/strong>se desenvolver bem.<\/p>\n\n\n\n<p>O Mastim Espanhol \u00e9 um companheiro leal e protetor, <strong>ideal para fam\u00edlias com crian\u00e7as <\/strong>e <strong>para donos <\/strong>que procuram <strong>seguran\u00e7a no seu lar. <\/strong>Antes de decidir adotar um, deve considerar as suas necessidades e certificar-se de que pode prestar-lhe os cuidados adequados.<\/p>\n\n\n\n<p>Com o empenho certo, este c\u00e3o majestoso tornar-se-\u00e1 um amigo fiel para toda a vida!<\/p>\n\n\n\n<h2 class=\"wp-block-heading\"><span class=\"ez-toc-section\" id=\"Perguntas_frequentes_sobre_a_raca\"><\/span>Perguntas frequentes sobre a ra\u00e7a<span class=\"ez-toc-section-end\"><\/span><\/h2>\n\n\n\n<h3 class=\"has-base-3-background-color has-background wp-block-heading\">Os mastins espanh\u00f3is s\u00e3o bons c\u00e3es de guarda?<\/h3>\n\n\n\n<p>Sim, os Mastins Espanh\u00f3is t\u00eam um <strong>instinto protetor inato e s\u00e3o excelentes c\u00e3es de guarda<\/strong>. A sua simples presen\u00e7a \u00e9 muitas vezes suficiente para dissuadir os intrusos.<\/p>\n\n\n\n<h3 class=\"has-base-3-background-color has-background wp-block-heading\">De quanto exerc\u00edcio necessita esta ra\u00e7a?<\/h3>\n\n\n\n<p>Estes c\u00e3es precisam de <strong>exerc\u00edcio di\u00e1rio, <\/strong>mas n\u00e3o s\u00e3o c\u00e3es <strong>extremamente ativos. <\/strong>Alguns passeios por dia e brincadeiras no jardim s\u00e3o normalmente suficientes.<\/p>\n\n\n\n<h3 class=\"has-base-3-background-color has-background wp-block-heading\">Estes c\u00e3es s\u00e3o f\u00e1ceis de treinar?<\/h3>\n\n\n\n<p>Os mastins espanh\u00f3is <strong>s\u00e3o inteligentes, mas podem ser um pouco teimosos.<\/strong> A socializa\u00e7\u00e3o e o treino desde tenra idade s\u00e3o fundamentais para um c\u00e3o bem educado.<\/p>\n\n\n\n<h3 class=\"has-base-3-background-color has-background wp-block-heading\">Qual \u00e9 a diferen\u00e7a entre o Mastim Leon\u00eas e o Mastim da Estremadura? <\/h3>\n\n\n\n<p>A principal diferen\u00e7a reside no seu <strong>local de origem e <\/strong>em <strong>certas caracter\u00edsticas <\/strong>f\u00edsicas<strong>. O Mastim Leon\u00eas \u00e9 origin\u00e1rio de <\/strong>Le\u00e3o e tem um pelo mais grosso, enquanto o <strong>Mastim da Estremadura <\/strong>\u00e9 origin\u00e1rio da Extremadura<strong> <\/strong>e tem um pelo mais curto.<\/p>\n\n\n\n<div style=\"height:25px\" aria-hidden=\"true\" class=\"wp-block-spacer\"><\/div>\n\n\n\n<p class=\"has-text-align-center has-background\" style=\"background-color:#e6f5db\">Se precisar de algo para o seu animal de estima\u00e7\u00e3o, na <a href=\"https:\/\/www.tiendanimal.pt\/\"><strong>Tiendanimal<\/strong> <\/a>queremos ajud\u00e1-lo. <strong><a href=\"https:\/\/www.tiendanimal.pt\/nossas-lojas?showMap=true&amp;horizontalView=true&amp;isForm=true\">Encontre a sua loja mais pr\u00f3xima<\/a><\/strong> ou se preferir, fa\u00e7a a sua encomenda na nossa loja online especializada em produtos para animais de estima\u00e7\u00e3o, e n\u00e3o perca as nossas <strong><a href=\"https:\/\/www.tiendanimal.pt\/promocoes\/\">promo\u00e7\u00f5es!<\/a><\/strong><\/p>\n","protected":false},"excerpt":{"rendered":"<p>Descubra a majestade e a lealdade do Mastim Espanhol. Conhe\u00e7a a origem, as caracter\u00edsticas, o temperamento e os cuidados essenciais desta ra\u00e7a canina, entre agora!<\/p>\n","protected":false},"author":40,"featured_media":4793,"comment_status":"open","ping_status":"closed","sticky":false,"template":"","format":"standard","meta":{"_acf_changed":false,"_uag_custom_page_level_css":"","site-sidebar-layout":"default","site-content-layout":"","ast-site-content-layout":"default","site-content-style":"default","site-sidebar-style":"default","ast-global-header-display":"","ast-banner-title-visibility":"","ast-main-header-display":"","ast-hfb-above-header-display":"","ast-hfb-below-header-display":"","ast-hfb-mobile-header-display":"","site-post-title":"","ast-breadcrumbs-content":"","ast-featured-img":"","footer-sml-layout":"","theme-transparent-header-meta":"","adv-header-id-meta":"","stick-header-meta":"","header-above-stick-meta":"","header-main-stick-meta":"","header-below-stick-meta":"","astra-migrate-meta-layouts":"default","ast-page-background-enabled":"default","ast-page-background-meta":{"desktop":{"background-color":"var(--ast-global-color-5)","background-image":"","background-repeat":"repeat","background-position":"center center","background-size":"auto","background-attachment":"scroll","background-type":"","background-media":"","overlay-type":"","overlay-color":"","overlay-opacity":"","overlay-gradient":""},"tablet":{"background-color":"","background-image":"","background-repeat":"repeat","background-position":"center center","background-size":"auto","background-attachment":"scroll","background-type":"","background-media":"","overlay-type":"","overlay-color":"","overlay-opacity":"","overlay-gradient":""},"mobile":{"background-color":"","background-image":"","background-repeat":"repeat","background-position":"center center","background-size":"auto","background-attachment":"scroll","background-type":"","background-media":"","overlay-type":"","overlay-color":"","overlay-opacity":"","overlay-gradient":""}},"ast-content-background-meta":{"desktop":{"background-color":"var(--ast-global-color-4)","background-image":"","background-repeat":"repeat","background-position":"center center","background-size":"auto","background-attachment":"scroll","background-type":"","background-media":"","overlay-type":"","overlay-color":"","overlay-opacity":"","overlay-gradient":""},"tablet":{"background-color":"var(--ast-global-color-4)","background-image":"","background-repeat":"repeat","background-position":"center center","background-size":"auto","background-attachment":"scroll","background-type":"","background-media":"","overlay-type":"","overlay-color":"","overlay-opacity":"","overlay-gradient":""},"mobile":{"background-color":"var(--ast-global-color-4)","background-image":"","background-repeat":"repeat","background-position":"center center","background-size":"auto","background-attachment":"scroll","background-type":"","background-media":"","overlay-type":"","overlay-color":"","overlay-opacity":"","overlay-gradient":""}},"footnotes":""},"categories":[3,151],"tags":[215],"class_list":["post-4775","post","type-post","status-publish","format-standard","has-post-thumbnail","hentry","category-caes","category-racas-de-caes","tag-folhas-da-raca","generate-columns","tablet-grid-50","mobile-grid-100","grid-parent","grid-33"],"acf":[],"uagb_featured_image_src":{"full":["https:\/\/www.tiendanimal.pt\/blog\/wp-content\/uploads\/2022\/01\/Mastim-espanhol.jpg",900,600,false],"thumbnail":["https:\/\/www.tiendanimal.pt\/blog\/wp-content\/uploads\/2022\/01\/Mastim-espanhol-150x150.jpg",150,150,true],"medium":["https:\/\/www.tiendanimal.pt\/blog\/wp-content\/uploads\/2022\/01\/Mastim-espanhol-300x200.jpg",300,200,true],"medium_large":["https:\/\/www.tiendanimal.pt\/blog\/wp-content\/uploads\/2022\/01\/Mastim-espanhol-768x512.jpg",768,512,true],"large":["https:\/\/www.tiendanimal.pt\/blog\/wp-content\/uploads\/2022\/01\/Mastim-espanhol.jpg",900,600,false],"1536x1536":["https:\/\/www.tiendanimal.pt\/blog\/wp-content\/uploads\/2022\/01\/Mastim-espanhol.jpg",900,600,false],"2048x2048":["https:\/\/www.tiendanimal.pt\/blog\/wp-content\/uploads\/2022\/01\/Mastim-espanhol.jpg",900,600,false]},"uagb_author_info":{"display_name":"Tiendanimal","author_link":"https:\/\/www.tiendanimal.pt\/blog\/author\/lucia\/"},"uagb_comment_info":0,"uagb_excerpt":"Descubra a majestade e a lealdade do Mastim Espanhol. Conhe\u00e7a a origem, as caracter\u00edsticas, o temperamento e os cuidados essenciais desta ra\u00e7a canina, entre agora!","_links":{"self":[{"href":"https:\/\/www.tiendanimal.pt\/blog\/wp-json\/wp\/v2\/posts\/4775","targetHints":{"allow":["GET"]}}],"collection":[{"href":"https:\/\/www.tiendanimal.pt\/blog\/wp-json\/wp\/v2\/posts"}],"about":[{"href":"https:\/\/www.tiendanimal.pt\/blog\/wp-json\/wp\/v2\/types\/post"}],"author":[{"embeddable":true,"href":"https:\/\/www.tiendanimal.pt\/blog\/wp-json\/wp\/v2\/users\/40"}],"replies":[{"embeddable":true,"href":"https:\/\/www.tiendanimal.pt\/blog\/wp-json\/wp\/v2\/comments?post=4775"}],"version-history":[{"count":21,"href":"https:\/\/www.tiendanimal.pt\/blog\/wp-json\/wp\/v2\/posts\/4775\/revisions"}],"predecessor-version":[{"id":11084,"href":"https:\/\/www.tiendanimal.pt\/blog\/wp-json\/wp\/v2\/posts\/4775\/revisions\/11084"}],"wp:featuredmedia":[{"embeddable":true,"href":"https:\/\/www.tiendanimal.pt\/blog\/wp-json\/wp\/v2\/media\/4793"}],"wp:attachment":[{"href":"https:\/\/www.tiendanimal.pt\/blog\/wp-json\/wp\/v2\/media?parent=4775"}],"wp:term":[{"taxonomy":"category","embeddable":true,"href":"https:\/\/www.tiendanimal.pt\/blog\/wp-json\/wp\/v2\/categories?post=4775"},{"taxonomy":"post_tag","embeddable":true,"href":"https:\/\/www.tiendanimal.pt\/blog\/wp-json\/wp\/v2\/tags?post=4775"}],"curies":[{"name":"wp","href":"https:\/\/api.w.org\/{rel}","templated":true}]}}